{"id":1,"date":"2021-11-30T08:57:30","date_gmt":"2021-11-30T11:57:30","guid":{"rendered":"http:\/\/novelli.eti.br\/site_novelli\/?p=1"},"modified":"2024-08-02T14:18:25","modified_gmt":"2024-08-02T17:18:25","slug":"ola-mundo","status":"publish","type":"post","link":"https:\/\/novelli.eti.br\/site_novelli\/ola-mundo\/","title":{"rendered":"D\u00ea valor a todo conhecimento adquirido!"},"content":{"rendered":"\n<p>Quando eu era mais novo e estava no col\u00e9gio, frequentemente me questionava: <\/p>\n\n\n\n<p>&#8220;<em>Aonde vou usar <\/em>&lt;coloque aqui o nome de uma mat\u00e9ria bem chata para voc\u00ea><em> na minha vida?&#8221;<\/em><\/p>\n\n\n\n<p>Quem nunca pensou assim ? <\/p>\n\n\n\n<p>No entanto, \u00e9 normal termos este pensamento quando estamos adquirindo conhecimento em uma velocidade maior que a qual adquirimos experi\u00eancia de vida. <\/p>\n\n\n\n<p>O conhecimento \u00e9 como uma caixa de ferramentas. Se voc\u00ea n\u00e3o tiver um problema para resolver, ela pode at\u00e9 parecer in\u00fatil. Mas basta aparecer uma necessidade para a qual voc\u00ea n\u00e3o tem as ferramentas necess\u00e1rias, que rapidamente iremos dar valor \u00e0 elas. Isto se chama experi\u00eancia de campo, ou viv\u00eancia. <\/p>\n\n\n\n<p>Sendo assim, devemos dar valor a todo conhecimento adquirido, por menor que seja, pois ao final, estaremos complementando nossa caixa de ferramentas mental e estaremos muito mais preparados para os desafios da vida! <\/p>\n\n\n\n<p>N\u00e3o \u00e9 incomum se aplicar conhecimentos de forma cruzada em analises e solu\u00e7\u00f5es  complexas. Quando temos os conceitos mais elementares, estas sinapses ficam cada vez mais f\u00e1ceis de se realizar. Nesta hora a educa\u00e7\u00e3o b\u00e1sica l\u00e1 da \u00e9poca do col\u00e9gio vem \u00e0 tona, representando as chaves de fenda e alicate da tua caixa de ferramentas mental. <br><br><strong>Matem\u00e1tica <\/strong>\u00e9 indiscutivelmente uma das disciplinas mais importantes na nossa forma\u00e7\u00e3o. Ela nos permite quantificar e raciocinar sobre muitas coisas que nos rodeiam e est\u00e1 intimamente ligada com a nossa capacidade de comunica\u00e7\u00e3o e entendimento do mundo.<\/p>\n\n\n\n<p>A <strong>Fisica <\/strong>\u00e9 uma das disciplinas que nos ajuda a entender e explicar os fenomenos que acontecem ao nosso redor.<\/p>\n\n\n\n<p>O mesmo acontece para disciplinas mais avan\u00e7adas. Inform\u00e1tica e eletr\u00f4nica est\u00e3o cada vez mais presentes em nossas vidas, sendo assim, este conhecimento est\u00e1 se tornando cada vez mais &#8220;b\u00e1sico&#8221;.  Dispositivos cada vez mais conectados exigem um conhecimento m\u00ednimo em tecnologia da informa\u00e7\u00e3o para que haja pleno uso de seus recursos. <\/p>\n\n\n\n<p><strong>Mas o que tudo isso tem a ver ? <\/strong><\/p>\n\n\n\n<p>Bem, pode n\u00e3o ser muito \u00f3bvio, voc\u00ea pode otimizar o alcance do seu wi-fi se posicionar a antena em um local prop\u00edcio. Este posicionamento ser\u00e1 mais eficiente se voc\u00ea tiver o entendimento sobre como funcionam as ondas de r\u00e1dio, por exemplo.<\/p>\n\n\n\n<p>Utilizando conceitos simples de matem\u00e1tica voc\u00ea poder\u00e1 determinar se um produto em embalagem fam\u00edlia \u00e9 realmente mais vantajoso\/barato se comparado \u00e0 embalagem normal. <\/p>\n\n\n\n<p>Quer saber quantos quil\u00f4metros por litro de combust\u00edvel seu carro est\u00e1 consumindo, mas n\u00e3o tem computador de bordo ? Sem problemas. A matem\u00e1tica est\u00e1 a\u00ed para isto. <\/p>\n\n\n\n<p>Avan\u00e7ando um pouco mais: No meu trabalho utilizamos fibra \u00f3ptica para a comunica\u00e7\u00e3o entre equipamentos. A aplica\u00e7\u00e3o de conceitos de f\u00edsica pode nos trazer vantagens adicionais no processo de determina\u00e7\u00e3o de problemas nesta comunica\u00e7\u00e3o.<\/p>\n\n\n\n<p>J\u00e1 diziam os antigos: <em>Conhecimento \u00e9 a \u00fanica coisa que ningu\u00e9m pode tomar de voc\u00ea. <\/em><\/p>\n\n\n\n<p>Espero que este texto sirva de inspira\u00e7\u00e3o para que voc\u00ea continue na sua busca por conhecimento. Sempre que poss\u00edvel, farei refer\u00eancia \u00e0 conhecimentos cruzados ao explicar meus projetos e ideias por aqui. <\/p>\n","protected":false},"excerpt":{"rendered":"<p>Quando eu era mais novo e estava no col\u00e9gio, frequentemente me questionava: &#8220;Aonde vou usar &lt;coloque aqui o nome de uma mat\u00e9ria bem chata para voc\u00ea> na minha vida?&#8221; Quem nunca pensou assim ? No entanto, \u00e9 normal termos este pensamento quando estamos adquirindo conhecimento em uma velocidade maior que a qual adquirimos experi\u00eancia de &hellip; <\/p>\n<p class=\"link-more\"><a href=\"https:\/\/novelli.eti.br\/site_novelli\/ola-mundo\/\" class=\"more-link\">Continue lendo<span class=\"screen-reader-text\"> &#8220;D\u00ea valor a todo conhecimento adquirido!&#8221;<\/span><\/a><\/p>\n","protected":false},"author":1,"featured_media":0,"comment_status":"closed","ping_status":"open","sticky":false,"template":"","format":"standard","meta":{"footnotes":""},"categories":[7],"tags":[],"class_list":["post-1","post","type-post","status-publish","format-standard","hentry","category-reflexoes"],"_links":{"self":[{"href":"https:\/\/novelli.eti.br\/site_novelli\/wp-json\/wp\/v2\/posts\/1","targetHints":{"allow":["GET"]}}],"collection":[{"href":"https:\/\/novelli.eti.br\/site_novelli\/wp-json\/wp\/v2\/posts"}],"about":[{"href":"https:\/\/novelli.eti.br\/site_novelli\/wp-json\/wp\/v2\/types\/post"}],"author":[{"embeddable":true,"href":"https:\/\/novelli.eti.br\/site_novelli\/wp-json\/wp\/v2\/users\/1"}],"replies":[{"embeddable":true,"href":"https:\/\/novelli.eti.br\/site_novelli\/wp-json\/wp\/v2\/comments?post=1"}],"version-history":[{"count":11,"href":"https:\/\/novelli.eti.br\/site_novelli\/wp-json\/wp\/v2\/posts\/1\/revisions"}],"predecessor-version":[{"id":75,"href":"https:\/\/novelli.eti.br\/site_novelli\/wp-json\/wp\/v2\/posts\/1\/revisions\/75"}],"wp:attachment":[{"href":"https:\/\/novelli.eti.br\/site_novelli\/wp-json\/wp\/v2\/media?parent=1"}],"wp:term":[{"taxonomy":"category","embeddable":true,"href":"https:\/\/novelli.eti.br\/site_novelli\/wp-json\/wp\/v2\/categories?post=1"},{"taxonomy":"post_tag","embeddable":true,"href":"https:\/\/novelli.eti.br\/site_novelli\/wp-json\/wp\/v2\/tags?post=1"}],"curies":[{"name":"wp","href":"https:\/\/api.w.org\/{rel}","templated":true}]}}